{"id":403,"date":"2026-09-03T23:53:26","date_gmt":"2026-09-03T21:53:26","guid":{"rendered":"https:\/\/elaboratoire.eu.org\/?p=403"},"modified":"2026-09-03T23:56:46","modified_gmt":"2026-09-03T21:56:46","slug":"el-java-elabo-x-la-grande-java","status":"publish","type":"post","link":"https:\/\/elaboratoire.eu.org\/?p=403","title":{"rendered":"EL JAVA \/ Elabo x La Grande Java"},"content":{"rendered":"\n<h3 class=\"wp-block-heading has-x-large-font-size\"><strong>le Vendredi 25 Septembre 2026 et Samedi 26 Septembre 2026<\/strong><\/h3>\n\n\n\n<h2 class=\"wp-block-heading has-large-font-size\"><strong>\u00e0 l&rsquo;Elaboratoire<\/strong><\/h2>\n\n\n\n<p class=\"has-small-font-size wp-block-paragraph\">Cliquer ici pour amener \u00e0 l\u2019\u00e9v\u00e9nement Facebook &#8211;><a href=\"https:\/\/fb.me\/e\/6jZH8EGib\" data-type=\"link\" data-id=\"https:\/\/fb.me\/e\/6jZH8EGib\" target=\"_blank\" rel=\"noopener\"> Lien de l\u2019\u00e9v\u00e9nement<\/a><\/p>\n\n\n\n<p class=\"wp-block-paragraph\">Bienvenido en El Java !<\/p>\n\n\n\n<p class=\"wp-block-paragraph\">L\u2019Elaboratoire invite La Grande Java pour 2 folles soir\u00e9es en soutient \u00e0 la premi\u00e8re \u00e9dition du festival, on compte sur votre pr\u00e9sence et votre \u00e9nergie ! Entre rap, rock et musique \u00e9lectronique !<\/p>\n\n\n\n<p class=\"wp-block-paragraph\">Animations loufoques, karatok\u00e9 et p\u00eache aux connards !<\/p>\n\n\n\n<p class=\"wp-block-paragraph\">Soir\u00e9e sous chapiteau pour \u00e9viter toute infortune m\u00e9t\u00e9orologique avec une belle sono lustr\u00e9e et r\u00e9gl\u00e9e aux petits oignons pour l\u2019occasion !<\/p>\n\n\n\n<p class=\"has-small-font-size wp-block-paragraph\"><strong>Petit village artisan, food truck et bar sur place<\/strong><\/p>\n\n\n\n<p class=\"has-small-font-size wp-block-paragraph\"><strong>Tarif journalier de 7\u20ac ou au d\u00e9s<\/strong><\/p>\n\n\n\n<p class=\"wp-block-paragraph\"><\/p>\n\n\n\n<h3 class=\"wp-block-heading has-large-font-size\"><strong>\ud83c\udfb5 PROGRAMMATION<\/strong><\/h3>\n\n\n\n<p class=\"wp-block-paragraph\">\u2022 Broke (Heretik)<\/p>\n\n\n\n<p class=\"wp-block-paragraph\">\u2022 Mislight<\/p>\n\n\n\n<p class=\"wp-block-paragraph\">\u2022 Shmirlap (Oblyk-Dfrok\u00e9)<\/p>\n\n\n\n<p class=\"wp-block-paragraph\">\u2022 TABLERAZ<\/p>\n\n\n\n<p class=\"wp-block-paragraph\">\u2022 Serum F!<\/p>\n\n\n\n<p class=\"wp-block-paragraph\">\u2022 R-One S0ek<\/p>\n\n\n\n<p class=\"wp-block-paragraph\">\u2022 Kateu<\/p>\n\n\n\n<p class=\"wp-block-paragraph\">\u2022 Raditek<\/p>\n\n\n\n<p class=\"wp-block-paragraph\">\u2022 Uns-G\u00e9r\u00e9s<\/p>\n\n\n\n<p class=\"wp-block-paragraph\"><\/p>\n\n\n\n<p class=\"wp-block-paragraph\"><\/p>\n","protected":false},"excerpt":{"rendered":"<p>le Vendredi 25 Septembre 2026 et Samedi 26 Septembre 2026 \u00e0 l&rsquo;Elaboratoire Cliquer ici pour amener \u00e0 l\u2019\u00e9v\u00e9nement Facebook &#8211;> Lien de l\u2019\u00e9v\u00e9nement Bienvenido en El Java ! L\u2019Elaboratoire invite La Grande Java pour 2 folles soir\u00e9es en soutient \u00e0 la premi\u00e8re \u00e9dition du festival, on compte sur votre pr\u00e9sence et votre \u00e9nergie ! Entre [&hellip;]<\/p>\n","protected":false},"author":5,"featured_media":407,"comment_status":"closed","ping_status":"","sticky":false,"template":"","format":"standard","meta":{"footnotes":""},"categories":[10,6,27,8],"tags":[16,46,20,18,48,47,19,50,49],"class_list":["post-403","post","type-post","status-publish","format-standard","has-post-thumbnail","hentry","category-concert","category-evenements","category-festival","category-spectacle-vivant","tag-concert","tag-dj-set","tag-elabo","tag-elaboratoire","tag-heretik","tag-la-grande-java","tag-rennes","tag-tableraz","tag-tekno"],"_links":{"self":[{"href":"https:\/\/elaboratoire.eu.org\/index.php?rest_route=\/wp\/v2\/posts\/403","targetHints":{"allow":["GET"]}}],"collection":[{"href":"https:\/\/elaboratoire.eu.org\/index.php?rest_route=\/wp\/v2\/posts"}],"about":[{"href":"https:\/\/elaboratoire.eu.org\/index.php?rest_route=\/wp\/v2\/types\/post"}],"author":[{"embeddable":true,"href":"https:\/\/elaboratoire.eu.org\/index.php?rest_route=\/wp\/v2\/users\/5"}],"replies":[{"embeddable":true,"href":"https:\/\/elaboratoire.eu.org\/index.php?rest_route=%2Fwp%2Fv2%2Fcomments&post=403"}],"version-history":[{"count":3,"href":"https:\/\/elaboratoire.eu.org\/index.php?rest_route=\/wp\/v2\/posts\/403\/revisions"}],"predecessor-version":[{"id":409,"href":"https:\/\/elaboratoire.eu.org\/index.php?rest_route=\/wp\/v2\/posts\/403\/revisions\/409"}],"wp:featuredmedia":[{"embeddable":true,"href":"https:\/\/elaboratoire.eu.org\/index.php?rest_route=\/wp\/v2\/media\/407"}],"wp:attachment":[{"href":"https:\/\/elaboratoire.eu.org\/index.php?rest_route=%2Fwp%2Fv2%2Fmedia&parent=403"}],"wp:term":[{"taxonomy":"category","embeddable":true,"href":"https:\/\/elaboratoire.eu.org\/index.php?rest_route=%2Fwp%2Fv2%2Fcategories&post=403"},{"taxonomy":"post_tag","embeddable":true,"href":"https:\/\/elaboratoire.eu.org\/index.php?rest_route=%2Fwp%2Fv2%2Ftags&post=403"}],"curies":[{"name":"wp","href":"https:\/\/api.w.org\/{rel}","templated":true}]}}